{"id":190,"date":"2012-12-21T12:05:23","date_gmt":"2012-12-21T17:05:23","guid":{"rendered":"http:\/\/camp.ucss.edu.pe\/vocesdeunriesgo\/?p=190"},"modified":"2012-12-21T12:19:19","modified_gmt":"2012-12-21T17:19:19","slug":"carta-de-la-decana-a-la-comunidad-estudiantil-jornada-de-la-facultad-de-educacion-2012","status":"publish","type":"post","link":"http:\/\/camp.ucss.edu.pe\/vocesdeunriesgo\/carta-de-la-decana-a-la-comunidad-estudiantil-jornada-de-la-facultad-de-educacion-2012\/","title":{"rendered":"Carta de la decana a la comunidad estudiantil: Jornada de la Facultad de Educaci\u00f3n 2012"},"content":{"rendered":"<p><a href=\"http:\/\/camp.ucss.edu.pe\/vocesdeunriesgo\/files\/2012\/12\/VduU-Pietro-paga-tributo-Masaccio.jpg\"><img decoding=\"async\" src=\"http:\/\/camp.ucss.edu.pe\/vocesdeunriesgo\/files\/2012\/12\/VduU-Pietro-paga-tributo-Masaccio-1024x522.jpg\" alt=\"\" title=\"VduU-Pietro-paga-tributo-Masaccio\" width=\"620\" class=\"aligncenter size-large wp-image-191\" srcset=\"http:\/\/camp.ucss.edu.pe\/vocesdeunriesgo\/files\/2012\/12\/VduU-Pietro-paga-tributo-Masaccio-1024x522.jpg 1024w, http:\/\/camp.ucss.edu.pe\/vocesdeunriesgo\/files\/2012\/12\/VduU-Pietro-paga-tributo-Masaccio-300x153.jpg 300w, http:\/\/camp.ucss.edu.pe\/vocesdeunriesgo\/files\/2012\/12\/VduU-Pietro-paga-tributo-Masaccio.jpg 1224w\" sizes=\"(max-width: 1024px) 100vw, 1024px\" \/><\/a><br \/>\n<\/p>\n<div style=\"font-size:16px; padding-left:10px; padding-bottom:20px; line-height:1.5em;\"><strong>Queridos alumnos:<\/strong><\/p>\n<p>Les agradezco la simp\u00e1tica participaci\u00f3n y el compromiso para el buen \u00e9xito de la jornada de la Facultad.<\/p>\n<p>Me imagino que, como siempre pasa cuando se trabaja, los m\u00e1s contentos, incluso si cansados, ser\u00e1n ustedes.<\/p>\n<p>Muchos de sus compa\u00f1eros, lamentablemente, viven la universidad de forma muy poco participativa as\u00ed que todav\u00eda\u2026 queda trabajo por hacer.<\/p>\n<p>En lo que la Navidad nos anuncia \u2013 Dios con nosotros \u2013 encontramos el motivo y la fuerza para este trabajo y para hacerlo\u2026 \u00a1con alegr\u00eda!<br \/>\n<\/p>\n<p><strong>\u00a1FELIZ NAVIDAD!<\/strong><br \/>\n<\/p>\n<p>Cordialmente,<\/p>\n<p><em>Giuliana Contini<br \/>\nDecana de la Facultad de Ciencias de la  Educaci\u00f3n y Humanidades<br \/>\nUniversidad Cat\u00f3lica Sedes Sapientiae<\/em><\/div>\n<p><\/p>\n","protected":false},"excerpt":{"rendered":"<p>Queridos alumnos: Les agradezco la simp\u00e1tica participaci\u00f3n y el compromiso para el buen \u00e9xito de la jornada de la Facultad. Me imagino que, como siempre pasa cuando se trabaja, los m\u00e1s contentos, incluso si cansados, ser\u00e1n ustedes. Muchos de sus compa\u00f1eros, lamentablemente, viven la universidad de forma muy poco participativa as\u00ed que todav\u00eda\u2026 queda trabajo [&hellip;]<\/p>\n","protected":false},"author":1,"featured_media":191,"comment_status":"open","ping_status":"open","sticky":false,"template":"","format":"standard","meta":{"_uag_custom_page_level_css":"","footnotes":""},"categories":[10],"tags":[],"class_list":["post-190","post","type-post","status-publish","format-standard","hentry","category-voces"],"yoast_head":"<!-- This site is optimized with the Yoast SEO plugin v24.0 - https:\/\/yoast.com\/wordpress\/plugins\/seo\/ -->\n<title>Carta de la decana a la comunidad estudiantil: Jornada de la Facultad de Educaci\u00f3n 2012 - Voces de un Riesgo<\/title>\n<meta name=\"robots\" content=\"index, follow, max-snippet:-1, max-image-preview:large, max-video-preview:-1\" \/>\n<link rel=\"canonical\" href=\"https:\/\/camp.ucss.edu.pe\/vocesdeunriesgo\/carta-de-la-decana-a-la-comunidad-estudiantil-jornada-de-la-facultad-de-educacion-2012\/\" \/>\n<meta property=\"og:locale\" content=\"es_ES\" \/>\n<meta property=\"og:type\" content=\"article\" \/>\n<meta property=\"og:title\" content=\"Carta de la decana a la comunidad estudiantil: Jornada de la Facultad de Educaci\u00f3n 2012 - Voces de un Riesgo\" \/>\n<meta property=\"og:description\" content=\"Queridos alumnos: Les agradezco la simp\u00e1tica participaci\u00f3n y el compromiso para el buen \u00e9xito de la jornada de la Facultad. Me imagino que, como siempre pasa cuando se trabaja, los m\u00e1s contentos, incluso si cansados, ser\u00e1n ustedes. Muchos de sus compa\u00f1eros, lamentablemente, viven la universidad de forma muy poco participativa as\u00ed que todav\u00eda\u2026 queda trabajo [&hellip;]\" \/>\n<meta property=\"og:url\" content=\"https:\/\/camp.ucss.edu.pe\/vocesdeunriesgo\/carta-de-la-decana-a-la-comunidad-estudiantil-jornada-de-la-facultad-de-educacion-2012\/\" \/>\n<meta property=\"og:site_name\" content=\"Voces de un Riesgo\" \/>\n<meta property=\"article:published_time\" content=\"2012-12-21T17:05:23+00:00\" \/>\n<meta property=\"article:modified_time\" content=\"2012-12-21T17:19:19+00:00\" \/>\n<meta property=\"og:image\" content=\"https:\/\/camp.ucss.edu.pe\/vocesdeunriesgo\/files\/2012\/12\/VduU-Pietro-paga-tributo-Masaccio.jpg\" \/>\n\t<meta property=\"og:image:width\" content=\"1224\" \/>\n\t<meta property=\"og:image:height\" content=\"625\" \/>\n\t<meta property=\"og:image:type\" content=\"image\/jpeg\" \/>\n<meta name=\"author\" content=\"CampUCSS\" \/>\n<meta name=\"twitter:card\" content=\"summary_large_image\" \/>\n<meta name=\"twitter:label1\" content=\"Escrito por\" \/>\n\t<meta name=\"twitter:data1\" content=\"CampUCSS\" \/>\n\t<meta name=\"twitter:label2\" content=\"Tiempo de lectura\" \/>\n\t<meta name=\"twitter:data2\" content=\"1 minuto\" \/>\n<script type=\"application\/ld+json\" class=\"yoast-schema-graph\">{\"@context\":\"https:\/\/schema.org\",\"@graph\":[{\"@type\":\"WebPage\",\"@id\":\"https:\/\/camp.ucss.edu.pe\/vocesdeunriesgo\/carta-de-la-decana-a-la-comunidad-estudiantil-jornada-de-la-facultad-de-educacion-2012\/\",\"url\":\"https:\/\/camp.ucss.edu.pe\/vocesdeunriesgo\/carta-de-la-decana-a-la-comunidad-estudiantil-jornada-de-la-facultad-de-educacion-2012\/\",\"name\":\"Carta de la decana a la comunidad estudiantil: Jornada de la Facultad de Educaci\u00f3n 2012 - Voces de un Riesgo\",\"isPartOf\":{\"@id\":\"http:\/\/camp.ucss.edu.pe\/vocesdeunriesgo\/#website\"},\"primaryImageOfPage\":{\"@id\":\"https:\/\/camp.ucss.edu.pe\/vocesdeunriesgo\/carta-de-la-decana-a-la-comunidad-estudiantil-jornada-de-la-facultad-de-educacion-2012\/#primaryimage\"},\"image\":{\"@id\":\"https:\/\/camp.ucss.edu.pe\/vocesdeunriesgo\/carta-de-la-decana-a-la-comunidad-estudiantil-jornada-de-la-facultad-de-educacion-2012\/#primaryimage\"},\"thumbnailUrl\":\"http:\/\/camp.ucss.edu.pe\/vocesdeunriesgo\/files\/2012\/12\/VduU-Pietro-paga-tributo-Masaccio.jpg\",\"datePublished\":\"2012-12-21T17:05:23+00:00\",\"dateModified\":\"2012-12-21T17:19:19+00:00\",\"author\":{\"@id\":\"http:\/\/camp.ucss.edu.pe\/vocesdeunriesgo\/#\/schema\/person\/b424c0da18d8c066e287378bed63331b\"},\"breadcrumb\":{\"@id\":\"https:\/\/camp.ucss.edu.pe\/vocesdeunriesgo\/carta-de-la-decana-a-la-comunidad-estudiantil-jornada-de-la-facultad-de-educacion-2012\/#breadcrumb\"},\"inLanguage\":\"es\",\"potentialAction\":[{\"@type\":\"ReadAction\",\"target\":[\"https:\/\/camp.ucss.edu.pe\/vocesdeunriesgo\/carta-de-la-decana-a-la-comunidad-estudiantil-jornada-de-la-facultad-de-educacion-2012\/\"]}]},{\"@type\":\"ImageObject\",\"inLanguage\":\"es\",\"@id\":\"https:\/\/camp.ucss.edu.pe\/vocesdeunriesgo\/carta-de-la-decana-a-la-comunidad-estudiantil-jornada-de-la-facultad-de-educacion-2012\/#primaryimage\",\"url\":\"http:\/\/camp.ucss.edu.pe\/vocesdeunriesgo\/files\/2012\/12\/VduU-Pietro-paga-tributo-Masaccio.jpg\",\"contentUrl\":\"http:\/\/camp.ucss.edu.pe\/vocesdeunriesgo\/files\/2012\/12\/VduU-Pietro-paga-tributo-Masaccio.jpg\",\"width\":\"1224\",\"height\":\"625\"},{\"@type\":\"BreadcrumbList\",\"@id\":\"https:\/\/camp.ucss.edu.pe\/vocesdeunriesgo\/carta-de-la-decana-a-la-comunidad-estudiantil-jornada-de-la-facultad-de-educacion-2012\/#breadcrumb\",\"itemListElement\":[{\"@type\":\"ListItem\",\"position\":1,\"name\":\"Portada\",\"item\":\"http:\/\/camp.ucss.edu.pe\/vocesdeunriesgo\/\"},{\"@type\":\"ListItem\",\"position\":2,\"name\":\"Carta de la decana a la comunidad estudiantil: Jornada de la Facultad de Educaci\u00f3n 2012\"}]},{\"@type\":\"WebSite\",\"@id\":\"http:\/\/camp.ucss.edu.pe\/vocesdeunriesgo\/#website\",\"url\":\"http:\/\/camp.ucss.edu.pe\/vocesdeunriesgo\/\",\"name\":\"Voces de un Riesgo\",\"description\":\"Mural online de la Facultad de Ciencias de la Educaci\u00f3n y Humanidades de la Universidad Cat\u00f3lica Sedes Sapientiae\",\"potentialAction\":[{\"@type\":\"SearchAction\",\"target\":{\"@type\":\"EntryPoint\",\"urlTemplate\":\"http:\/\/camp.ucss.edu.pe\/vocesdeunriesgo\/?s={search_term_string}\"},\"query-input\":{\"@type\":\"PropertyValueSpecification\",\"valueRequired\":true,\"valueName\":\"search_term_string\"}}],\"inLanguage\":\"es\"},{\"@type\":\"Person\",\"@id\":\"http:\/\/camp.ucss.edu.pe\/vocesdeunriesgo\/#\/schema\/person\/b424c0da18d8c066e287378bed63331b\",\"name\":\"CampUCSS\",\"image\":{\"@type\":\"ImageObject\",\"inLanguage\":\"es\",\"@id\":\"http:\/\/camp.ucss.edu.pe\/vocesdeunriesgo\/#\/schema\/person\/image\/\",\"url\":\"https:\/\/secure.gravatar.com\/avatar\/0e9e2aa18d76fe1b97d924739343e1c3d7fddf240744eb75a39b725385a14961?s=96&d=retro&r=g\",\"contentUrl\":\"https:\/\/secure.gravatar.com\/avatar\/0e9e2aa18d76fe1b97d924739343e1c3d7fddf240744eb75a39b725385a14961?s=96&d=retro&r=g\",\"caption\":\"CampUCSS\"},\"description\":\"Revista online de la Universidad Cat\u00f3lica Sedes Sapientiae sobre temas acad\u00e9micos y concernientes a la vida universitaria.\",\"url\":\"http:\/\/camp.ucss.edu.pe\/vocesdeunriesgo\/author\/ucss_campucss\/\"}]}<\/script>\n<!-- \/ Yoast SEO plugin. -->","yoast_head_json":{"title":"Carta de la decana a la comunidad estudiantil: Jornada de la Facultad de Educaci\u00f3n 2012 - Voces de un Riesgo","robots":{"index":"index","follow":"follow","max-snippet":"max-snippet:-1","max-image-preview":"max-image-preview:large","max-video-preview":"max-video-preview:-1"},"canonical":"https:\/\/camp.ucss.edu.pe\/vocesdeunriesgo\/carta-de-la-decana-a-la-comunidad-estudiantil-jornada-de-la-facultad-de-educacion-2012\/","og_locale":"es_ES","og_type":"article","og_title":"Carta de la decana a la comunidad estudiantil: Jornada de la Facultad de Educaci\u00f3n 2012 - Voces de un Riesgo","og_description":"Queridos alumnos: Les agradezco la simp\u00e1tica participaci\u00f3n y el compromiso para el buen \u00e9xito de la jornada de la Facultad. Me imagino que, como siempre pasa cuando se trabaja, los m\u00e1s contentos, incluso si cansados, ser\u00e1n ustedes. Muchos de sus compa\u00f1eros, lamentablemente, viven la universidad de forma muy poco participativa as\u00ed que todav\u00eda\u2026 queda trabajo [&hellip;]","og_url":"https:\/\/camp.ucss.edu.pe\/vocesdeunriesgo\/carta-de-la-decana-a-la-comunidad-estudiantil-jornada-de-la-facultad-de-educacion-2012\/","og_site_name":"Voces de un Riesgo","article_published_time":"2012-12-21T17:05:23+00:00","article_modified_time":"2012-12-21T17:19:19+00:00","og_image":[{"width":1224,"height":625,"url":"https:\/\/camp.ucss.edu.pe\/vocesdeunriesgo\/files\/2012\/12\/VduU-Pietro-paga-tributo-Masaccio.jpg","type":"image\/jpeg"}],"author":"CampUCSS","twitter_card":"summary_large_image","twitter_misc":{"Escrito por":"CampUCSS","Tiempo de lectura":"1 minuto"},"schema":{"@context":"https:\/\/schema.org","@graph":[{"@type":"WebPage","@id":"https:\/\/camp.ucss.edu.pe\/vocesdeunriesgo\/carta-de-la-decana-a-la-comunidad-estudiantil-jornada-de-la-facultad-de-educacion-2012\/","url":"https:\/\/camp.ucss.edu.pe\/vocesdeunriesgo\/carta-de-la-decana-a-la-comunidad-estudiantil-jornada-de-la-facultad-de-educacion-2012\/","name":"Carta de la decana a la comunidad estudiantil: Jornada de la Facultad de Educaci\u00f3n 2012 - Voces de un Riesgo","isPartOf":{"@id":"http:\/\/camp.ucss.edu.pe\/vocesdeunriesgo\/#website"},"primaryImageOfPage":{"@id":"https:\/\/camp.ucss.edu.pe\/vocesdeunriesgo\/carta-de-la-decana-a-la-comunidad-estudiantil-jornada-de-la-facultad-de-educacion-2012\/#primaryimage"},"image":{"@id":"https:\/\/camp.ucss.edu.pe\/vocesdeunriesgo\/carta-de-la-decana-a-la-comunidad-estudiantil-jornada-de-la-facultad-de-educacion-2012\/#primaryimage"},"thumbnailUrl":"http:\/\/camp.ucss.edu.pe\/vocesdeunriesgo\/files\/2012\/12\/VduU-Pietro-paga-tributo-Masaccio.jpg","datePublished":"2012-12-21T17:05:23+00:00","dateModified":"2012-12-21T17:19:19+00:00","author":{"@id":"http:\/\/camp.ucss.edu.pe\/vocesdeunriesgo\/#\/schema\/person\/b424c0da18d8c066e287378bed63331b"},"breadcrumb":{"@id":"https:\/\/camp.ucss.edu.pe\/vocesdeunriesgo\/carta-de-la-decana-a-la-comunidad-estudiantil-jornada-de-la-facultad-de-educacion-2012\/#breadcrumb"},"inLanguage":"es","potentialAction":[{"@type":"ReadAction","target":["https:\/\/camp.ucss.edu.pe\/vocesdeunriesgo\/carta-de-la-decana-a-la-comunidad-estudiantil-jornada-de-la-facultad-de-educacion-2012\/"]}]},{"@type":"ImageObject","inLanguage":"es","@id":"https:\/\/camp.ucss.edu.pe\/vocesdeunriesgo\/carta-de-la-decana-a-la-comunidad-estudiantil-jornada-de-la-facultad-de-educacion-2012\/#primaryimage","url":"http:\/\/camp.ucss.edu.pe\/vocesdeunriesgo\/files\/2012\/12\/VduU-Pietro-paga-tributo-Masaccio.jpg","contentUrl":"http:\/\/camp.ucss.edu.pe\/vocesdeunriesgo\/files\/2012\/12\/VduU-Pietro-paga-tributo-Masaccio.jpg","width":"1224","height":"625"},{"@type":"BreadcrumbList","@id":"https:\/\/camp.ucss.edu.pe\/vocesdeunriesgo\/carta-de-la-decana-a-la-comunidad-estudiantil-jornada-de-la-facultad-de-educacion-2012\/#breadcrumb","itemListElement":[{"@type":"ListItem","position":1,"name":"Portada","item":"http:\/\/camp.ucss.edu.pe\/vocesdeunriesgo\/"},{"@type":"ListItem","position":2,"name":"Carta de la decana a la comunidad estudiantil: Jornada de la Facultad de Educaci\u00f3n 2012"}]},{"@type":"WebSite","@id":"http:\/\/camp.ucss.edu.pe\/vocesdeunriesgo\/#website","url":"http:\/\/camp.ucss.edu.pe\/vocesdeunriesgo\/","name":"Voces de un Riesgo","description":"Mural online de la Facultad de Ciencias de la Educaci\u00f3n y Humanidades de la Universidad Cat\u00f3lica Sedes Sapientiae","potentialAction":[{"@type":"SearchAction","target":{"@type":"EntryPoint","urlTemplate":"http:\/\/camp.ucss.edu.pe\/vocesdeunriesgo\/?s={search_term_string}"},"query-input":{"@type":"PropertyValueSpecification","valueRequired":true,"valueName":"search_term_string"}}],"inLanguage":"es"},{"@type":"Person","@id":"http:\/\/camp.ucss.edu.pe\/vocesdeunriesgo\/#\/schema\/person\/b424c0da18d8c066e287378bed63331b","name":"CampUCSS","image":{"@type":"ImageObject","inLanguage":"es","@id":"http:\/\/camp.ucss.edu.pe\/vocesdeunriesgo\/#\/schema\/person\/image\/","url":"https:\/\/secure.gravatar.com\/avatar\/0e9e2aa18d76fe1b97d924739343e1c3d7fddf240744eb75a39b725385a14961?s=96&d=retro&r=g","contentUrl":"https:\/\/secure.gravatar.com\/avatar\/0e9e2aa18d76fe1b97d924739343e1c3d7fddf240744eb75a39b725385a14961?s=96&d=retro&r=g","caption":"CampUCSS"},"description":"Revista online de la Universidad Cat\u00f3lica Sedes Sapientiae sobre temas acad\u00e9micos y concernientes a la vida universitaria.","url":"http:\/\/camp.ucss.edu.pe\/vocesdeunriesgo\/author\/ucss_campucss\/"}]}},"uagb_featured_image_src":{"full":["http:\/\/camp.ucss.edu.pe\/vocesdeunriesgo\/files\/2012\/12\/VduU-Pietro-paga-tributo-Masaccio.jpg",1224,625,false],"thumbnail":["http:\/\/camp.ucss.edu.pe\/vocesdeunriesgo\/files\/2012\/12\/VduU-Pietro-paga-tributo-Masaccio-150x150.jpg",150,150,true],"medium":["http:\/\/camp.ucss.edu.pe\/vocesdeunriesgo\/files\/2012\/12\/VduU-Pietro-paga-tributo-Masaccio-300x153.jpg",300,153,true],"medium_large":["http:\/\/camp.ucss.edu.pe\/vocesdeunriesgo\/files\/2012\/12\/VduU-Pietro-paga-tributo-Masaccio.jpg",768,392,false],"large":["http:\/\/camp.ucss.edu.pe\/vocesdeunriesgo\/files\/2012\/12\/VduU-Pietro-paga-tributo-Masaccio-1024x522.jpg",1024,522,true],"1536x1536":["http:\/\/camp.ucss.edu.pe\/vocesdeunriesgo\/files\/2012\/12\/VduU-Pietro-paga-tributo-Masaccio.jpg",1224,625,false],"2048x2048":["http:\/\/camp.ucss.edu.pe\/vocesdeunriesgo\/files\/2012\/12\/VduU-Pietro-paga-tributo-Masaccio.jpg",1224,625,false]},"uagb_author_info":{"display_name":"CampUCSS","author_link":"http:\/\/camp.ucss.edu.pe\/vocesdeunriesgo\/author\/ucss_campucss\/"},"uagb_comment_info":14,"uagb_excerpt":"Queridos alumnos: Les agradezco la simp\u00e1tica participaci\u00f3n y el compromiso para el buen \u00e9xito de la jornada de la Facultad. Me imagino que, como siempre pasa cuando se trabaja, los m\u00e1s contentos, incluso si cansados, ser\u00e1n ustedes. Muchos de sus compa\u00f1eros, lamentablemente, viven la universidad de forma muy poco participativa as\u00ed que todav\u00eda\u2026 queda trabajo&hellip;","_links":{"self":[{"href":"http:\/\/camp.ucss.edu.pe\/vocesdeunriesgo\/wp-json\/wp\/v2\/posts\/190","targetHints":{"allow":["GET"]}}],"collection":[{"href":"http:\/\/camp.ucss.edu.pe\/vocesdeunriesgo\/wp-json\/wp\/v2\/posts"}],"about":[{"href":"http:\/\/camp.ucss.edu.pe\/vocesdeunriesgo\/wp-json\/wp\/v2\/types\/post"}],"author":[{"embeddable":true,"href":"http:\/\/camp.ucss.edu.pe\/vocesdeunriesgo\/wp-json\/wp\/v2\/users\/1"}],"replies":[{"embeddable":true,"href":"http:\/\/camp.ucss.edu.pe\/vocesdeunriesgo\/wp-json\/wp\/v2\/comments?post=190"}],"version-history":[{"count":16,"href":"http:\/\/camp.ucss.edu.pe\/vocesdeunriesgo\/wp-json\/wp\/v2\/posts\/190\/revisions"}],"predecessor-version":[{"id":208,"href":"http:\/\/camp.ucss.edu.pe\/vocesdeunriesgo\/wp-json\/wp\/v2\/posts\/190\/revisions\/208"}],"wp:featuredmedia":[{"embeddable":true,"href":"http:\/\/camp.ucss.edu.pe\/vocesdeunriesgo\/wp-json\/wp\/v2\/media\/191"}],"wp:attachment":[{"href":"http:\/\/camp.ucss.edu.pe\/vocesdeunriesgo\/wp-json\/wp\/v2\/media?parent=190"}],"wp:term":[{"taxonomy":"category","embeddable":true,"href":"http:\/\/camp.ucss.edu.pe\/vocesdeunriesgo\/wp-json\/wp\/v2\/categories?post=190"},{"taxonomy":"post_tag","embeddable":true,"href":"http:\/\/camp.ucss.edu.pe\/vocesdeunriesgo\/wp-json\/wp\/v2\/tags?post=190"}],"curies":[{"name":"wp","href":"https:\/\/api.w.org\/{rel}","templated":true}]}}